{"id":1007,"date":"2020-03-12T06:33:51","date_gmt":"2020-03-12T06:33:51","guid":{"rendered":"http:\/\/goek.consulting\/?p=1007"},"modified":"2024-02-20T07:08:30","modified_gmt":"2024-02-20T07:08:30","slug":"positive-resonanz-zum-gesundheitscampus-in-bad-sackingen-2","status":"publish","type":"post","link":"https:\/\/goek.consulting\/en\/positive-resonanz-zum-gesundheitscampus-in-bad-sackingen-2\/","title":{"rendered":"Positive response to the health campus in Bad S\u00e4ckingen"},"content":{"rendered":"<div id=\"pl-488\" class=\"panel-layout\">\n<div id=\"pg-488-0\" class=\"panel-grid panel-no-style\" data-style=\"{&quot;background_image_attachment&quot;:false,&quot;background_display&quot;:&quot;tile&quot;,&quot;cell_alignment&quot;:&quot;flex-start&quot;}\" data-ratio=\"1\" data-ratio-direction=\"right\">\n<div id=\"pgc-488-0-0\" class=\"panel-grid-cell\" data-weight=\"1\">\n<div id=\"panel-488-0-0-0\" class=\"so-panel widget_sow-editor panel-first-child panel-last-child\" data-index=\"0\" data-style=\"{&quot;class&quot;:&quot;singleblog&quot;,&quot;background_image_attachment&quot;:false,&quot;background_display&quot;:&quot;tile&quot;}\">\n<div class=\"singleblog panel-widget-style panel-widget-style-for-488-0-0-0\">\n<div class=\"so-widget-sow-editor so-widget-sow-editor-base\">\n<div class=\"siteorigin-widget-tinymce textwidget\">\n\t<strong>Dr.-Ing. J\u00f6rg Risse in an interview with the Badische Zeitung<\/strong><\/p>\n<p>g\u00f6k Consulting develops the concept for the Bad S\u00e4ckinger health campus. The concept is beginning to take shape. Felix Held from the Badische Zeitung asked planner J\u00f6rg Risse about the current status.<\/p>\n<p><strong>BZ:<\/strong>Mr. Risse, there are obviously already some interested parties for the health campus. Would you have expected such a response?<\/p>\n<p><strong>Cracks:<\/strong> The response is very positive, especially as far as the breadth of feedback is concerned. For example, we received inquiries from medical practices, a rehabilitation facility and nursing facilities, as well as medical supply stores, short-term care and a caterer. The DRK intends to locate its lifeguard station on campus and a daycare center is planning a new location there. This breadth of feedback has surprised me positively. This is different from other comparable projects. This feedback also shows that there is a great need.<\/p>\n<p><strong>BZ:<\/strong>Where do the inquiries come from?<\/p>\n<p><strong>Cracks:<\/strong>More than 90 percent come from local or regional actors who are already based here, have their networks and want to settle on campus. This is typical of such a project.<\/p>\n<p><a href=\"https:\/\/www.badische-zeitung.de\/bad-saeckingen\/die-resonanz-ist-sehr-positiv--151035006.html\">You<\/a>can read the complete interview here.<\/p>\n<\/div>\n<\/div>\n<\/div>\n<\/div>\n<\/div>\n<\/div>\n<\/div>\n<style type=\"text\/css\" class=\"panels-style\" data-panels-style-for-post=\"488\">@import url(http:\/\/goek.consulting\/wp-content\/plugins\/siteorigin-panels\/css\/front-flex.min.css); #pgc-488-0-0 { width:100%;width:calc(100% - ( 0 * 30px ) ) } #pl-488 #panel-488-0-0-0 {  } #pl-488 .so-panel , #pl-488 .so-panel:last-child { margin-bottom:0px } #pg-488-0.panel-no-style, #pg-488-0.panel-has-style > .panel-row-style { -webkit-align-items:flex-start;align-items:flex-start } @media (max-width:780px){ #pg-488-0.panel-no-style, #pg-488-0.panel-has-style > .panel-row-style { -webkit-flex-direction:column;-ms-flex-direction:column;flex-direction:column } #pg-488-0 > .panel-grid-cell , #pg-488-0 > .panel-row-style > .panel-grid-cell { width:100%;margin-right:0 } #pl-488 .panel-grid-cell { padding:0 } #pl-488 .panel-grid .panel-grid-cell-empty { display:none } #pl-488 .panel-grid .panel-grid-cell-mobile-last { margin-bottom:0px }  } <\/style>\n","protected":false},"excerpt":{"rendered":"<p>Dr.-Ing. J\u00f6rg Risse in an interview with the Badische Zeitung g\u00f6k Consulting develops the concept for the Bad S\u00e4ckinger health campus. The concept is beginning to take shape. Felix Held from the Badische Zeitung asked planner J\u00f6rg Risse about the current status. BZ:Mr. Risse, there are obviously already some interested parties for the health campus. &hellip; <\/p>\n<p class=\"link-more\"><a href=\"https:\/\/goek.consulting\/en\/positive-resonanz-zum-gesundheitscampus-in-bad-sackingen-2\/\" class=\"more-link\">Continue reading<span class=\"screen-reader-text\"> &#8220;Positive response to the health campus in Bad S\u00e4ckingen&#8221;<\/span><\/a><\/p>\n","protected":false},"author":8,"featured_media":1009,"comment_status":"open","ping_status":"open","sticky":false,"template":"","format":"standard","meta":{"_acf_changed":false,"footnotes":""},"categories":[42],"tags":[60],"class_list":["post-1007","post","type-post","status-publish","format-standard","has-post-thumbnail","hentry","category-publications","tag-career-en"],"acf":[],"_links":{"self":[{"href":"https:\/\/goek.consulting\/en\/wp-json\/wp\/v2\/posts\/1007","targetHints":{"allow":["GET"]}}],"collection":[{"href":"https:\/\/goek.consulting\/en\/wp-json\/wp\/v2\/posts"}],"about":[{"href":"https:\/\/goek.consulting\/en\/wp-json\/wp\/v2\/types\/post"}],"author":[{"embeddable":true,"href":"https:\/\/goek.consulting\/en\/wp-json\/wp\/v2\/users\/8"}],"replies":[{"embeddable":true,"href":"https:\/\/goek.consulting\/en\/wp-json\/wp\/v2\/comments?post=1007"}],"version-history":[{"count":2,"href":"https:\/\/goek.consulting\/en\/wp-json\/wp\/v2\/posts\/1007\/revisions"}],"predecessor-version":[{"id":1010,"href":"https:\/\/goek.consulting\/en\/wp-json\/wp\/v2\/posts\/1007\/revisions\/1010"}],"wp:featuredmedia":[{"embeddable":true,"href":"https:\/\/goek.consulting\/en\/wp-json\/wp\/v2\/media\/1009"}],"wp:attachment":[{"href":"https:\/\/goek.consulting\/en\/wp-json\/wp\/v2\/media?parent=1007"}],"wp:term":[{"taxonomy":"category","embeddable":true,"href":"https:\/\/goek.consulting\/en\/wp-json\/wp\/v2\/categories?post=1007"},{"taxonomy":"post_tag","embeddable":true,"href":"https:\/\/goek.consulting\/en\/wp-json\/wp\/v2\/tags?post=1007"}],"curies":[{"name":"wp","href":"https:\/\/api.w.org\/{rel}","templated":true}]}}